[
{
"id": 124592,
"dsTags": [
"FERIADOS",
"PACOTE",
"INTERNACIONAL"
],
"dtEntrada": null,
"dtSaida": null,
"nmTopVenda": "Carnaval 2027 | Punta Cana sa\u00edda S\u00e3o Paulo \u200b\u2708\ufe0f",
"dsUrlImg": "https:\/\/media.infotravel.com.br\/image\/upload\/c_scale,h_200\/6B16D7FCBA3D90230EEEF7C092F364E8.png",
"dsUrlImgDetalhe": "https:\/\/media.infotravel.com.br\/image\/upload\/c_scale,h_200\/E1CC037501912CBD94176DD69993A2FD.png",
"stManual": true,
"bannerType": "CONVENCIONAL",
"nrParcela": 12,
"dsDestaque": "Bloqueio a\u00e9reo",
"dsBanner": "<img src=\"https:\/\/d335luupugsy2.cloudfront.net\/cms%2Ffiles%2F97825%2F17853352141068-2026_AVIRRP_Carnaval_em_Punta_cana_SAO.png\">",
"vlTotal": 5616,
"vlTotalTaxa": 0,
"vlPagamento": 5616,
"sgMoeda": "R$",
"idPacote": null,
"tpOrigem": null,
"sgOrigem": null,
"nmOrigem": "S\u00e3o Paulo, Regi\u00e3o Sudeste, Brasil",
"idOrigem": 2802,
"tpDestino": null,
"sgDestino": null,
"nmDestino": "Punta Cana, La Altagracia, Rep\u00fablica Dominicana",
"idDestino": 2644,
"idHotel": null,
"idEmpresa": 1,
"dsReservaTipo": "PACOTE A\u00c9REO",
"dtInclusao": "2026-08-02T21:59:35Z",
"dtValidade": "2026-08-31T23:59:00Z",
"idUnidade": 1093,
"idPontoVenda": null,
"chave": null,
"WSTopVenda": "{\"topVendaId\":124592,\"dsUrlBanner\":\"https:\/\/media.infotravel.com.br\/image\/upload\/c_scale,h_200\/6B16D7FCBA3D90230EEEF7C092F364E8.png\",\"dsUrlBannerDetalhe\":\"https:\/\/media.infotravel.com.br\/image\/upload\/c_scale,h_200\/E1CC037501912CBD94176DD69993A2FD.png\",\"imagenBannerList\":[],\"sgMoeda\":\"R$\",\"vlTotal\":5616.0,\"reservaPacote\":{\"keyPacoteParametro\":\"}{}{}{}{}{}{}{}{#|#F41FC8857F1BFF94DEFB4043BF159C6E\",\"origem\":{\"id\":2802,\"nm\":\"S\u00e3o Paulo, Regi\u00e3o Sudeste, Brasil\",\"am\":\"\",\"po\":false},\"destino\":{\"id\":2644,\"nm\":\"Punta Cana, La Altagracia, Rep\u00fablica Dominicana\",\"am\":\"\",\"po\":false},\"vlComissaoAjuste\":0.0,\"stSelecionado\":false,\"stInfoxInfo\":false,\"stFornecedorDocObrigatorio\":false},\"dsBanner\":\"\\u003cimg src\\u003d\\\"https:\/\/d335luupugsy2.cloudfront.net\/cms%2Ffiles%2F97825%2F17853352141068-2026_AVIRRP_Carnaval_em_Punta_cana_SAO.png\\\"\\u003e\",\"dsDestaque\":\"Bloqueio a\u00e9reo\",\"nmBanner\":\"Carnaval 2027 | Punta Cana sa\u00edda S\u00e3o Paulo \u200b\u2708\ufe0f\",\"dsReservaTipo\":\"PACOTE A\u00c9REO\",\"sgReservaTipo\":\"PACAER\",\"dsTag\":\"FERIADOS,PACOTE,INTERNACIONAL\",\"stManual\":true,\"dsLogo\":\"https:\/\/media.infotravel.com.br\/image\/upload\/c_scale,h_200\/BB77D03B45CFC46A5B5BFE5B7E32CF00.png\",\"qtParcela\":12,\"usuario\":{\"id\":1129,\"nome\":\"Michelle Menta\",\"email\":\"produtos@incomum.com\",\"telefone\":{\"nrDDD\":\"48\",\"nrTelefone\":\"996328407\",\"telefoneTipo\":\"RESIDENCIAL\"}}}"
}
]